{"id":17323,"date":"2023-04-06T11:10:45","date_gmt":"2023-04-06T09:10:45","guid":{"rendered":"https:\/\/institutsaintdominique.fr\/2023\/04\/06\/rencontre-avec-marie-astrid-roy-au-cdi-2\/"},"modified":"2023-05-25T09:46:45","modified_gmt":"2023-05-25T07:46:45","slug":"rencontre-avec-marie-astrid-roy-au-cdi-2-2","status":"publish","type":"post","link":"https:\/\/institutsaintdominique.fr\/en\/2023\/04\/06\/rencontre-avec-marie-astrid-roy-au-cdi-2-2\/","title":{"rendered":"Meeting with MAR from Le Petit Journal"},"content":{"rendered":"<div id=\"bloc_big_header_6\" class=\"bigheader\" >\n<div class=\"container\">\n<div class=\"text d-flex flex-column justify-content-between align-items-start\">\n<h1><span>Marie-Astrid Roy<\/span><\/h1>\n<\/p><\/div>\n<\/p><\/div>\n<div id=\"slider-bloc_big_header_6\" class=\"flexslider flexslider--bigheader loading\">\n<ul class=\"slides list-unstyled\">\n<li class=\"slider-li slider-li-bloc_big_header_6-0 \">\n<style type=\"text\/css\">\n\t\t\t\t\t\t\t\t.slider-li-bloc_big_header_6-0 div {background-image: url(https:\/\/institutsaintdominique.fr\/wp-content\/uploads\/2023\/04\/Progetto-senza-titolo-420x420.jpg);}\n\t\t\t\t\t\t\t\t@media (min-width: 480px) {\t.slider-li-bloc_big_header_6-0 div {background-image: url(https:\/\/institutsaintdominique.fr\/wp-content\/uploads\/2023\/04\/Progetto-senza-titolo-420x420.jpg);}}\n\t\t\t\t\t\t\t\t@media (min-width: 768px) {\t.slider-li-bloc_big_header_6-0 div {background-image: url(https:\/\/institutsaintdominique.fr\/wp-content\/uploads\/2023\/04\/Progetto-senza-titolo-1024x577.jpg);}}\n\t\t\t\t\t\t\t\t@media (min-width: 992px) { .slider-li-bloc_big_header_6-0 div {background-image: url(https:\/\/institutsaintdominique.fr\/wp-content\/uploads\/2023\/04\/Progetto-senza-titolo-1024x577.jpg);}}\n\t\t\t\t\t\t\t\t@media (min-width: 1200px) { .slider-li-bloc_big_header_6-0 div {background-image: url(https:\/\/institutsaintdominique.fr\/wp-content\/uploads\/2023\/04\/Progetto-senza-titolo-1536x865.jpg);}}\n\t\t\t\t\t\t\t<\/style>\n<div><\/div>\n<\/li>\n<\/ul><\/div>\n<\/div>\n<div class=\"bloctext bloctext--nocolor bloctext--haspattern\" id=\"bloc_6_7\">\n<div class=\"container\">\n<div class=\"row\">\n<div class=\"col-12 col-lg-4 col-xl-3 mb-1\">\n<h2><span><\/span><\/h2>\n<\/p><\/div>\n<div class=\"col-12 col-lg-8 col-xl-9\">\n<div class=\"text pl-lg-4\">\n<p>Lepetitjournal.com Milan and Rome are two local editions directed by Marie-Astrid ROY, part of a network present all over the world with over 72 editions in five continents, dedicated to French and Francophone people abroad.<\/p>\n<\/p><\/div>\n<\/p><\/div>\n<\/p><\/div>\n<\/p><\/div>\n<\/div>\n<div class=\"bloctext bloctext--nocolor bloctext--haspattern\" id=\"bloc_6_8\">\n<div class=\"container\">\n<div class=\"row\">\n<div class=\"col-12 col-lg-4 col-xl-3 mb-1\">\n<h2><span>Interview with Marie-Astrid Roy<\/span><\/h2>\n<\/p><\/div>\n<div class=\"col-12 col-lg-8 col-xl-9\">\n<div class=\"text pl-lg-4\">\n<p>Interview with Marie-Astrid Roy, director of the publication Lepetitjournal.com in Italy (editions of Milan and Rome), of Joseph A. N., a 3\u00e8me student, on the occasion of his visit on Tuesday, March 7 to the ISD for media education workshops in the 4\u00e8me and 5\u00e8me CDI.<\/p>\n<p>&nbsp;<\/p>\n<p><strong>1. Do you think you can live off your long-term work as a journalist?<\/strong><\/p>\n<p>I have been working as a journalist for more than 15 years and I hope for many more years! It is a profession that you can practice as an employee or freelance, as freelancers or correspondents abroad for example, which is certainly not always easy in the latter case, but not quite impossible. As for Lepetitjournal.com, which I direct in Italy, it is a free newspaper, which lives on advertising (partnerships, advertisers&#8230;). And it works well thanks to a good audience that continues to grow every year.<\/p>\n<p>&nbsp;<\/p>\n<p><strong>2. What did you think of ISD after the interview you conducted less than a year ago with Director Bernard Lociciro?<\/strong><\/p>\n<p>It was a discovery of a Roman and international reality in Rome, with a beautiful settlement project. Each interview leads to a discovery, this is one of the exciting aspects of this craft.<\/p>\n<p>&nbsp;<\/p>\n<p><strong>3. Having lived in France and Italy, are you more focaccia or baguette?<\/strong><\/p>\n<p>Choosing between the two is not easy&#8230; ! I find it difficult to do without both, but let\u2019s say that after 15 years in Italy, the crispy baguette remains irreplaceable for me, and perhaps even lighter, especially for an almost daily consumption.<\/p>\n<\/p><\/div>\n<\/p><\/div>\n<\/p><\/div>\n<\/p><\/div>\n<\/div>\n<div class=\"bigmedia bigmedia--nocolor\" id=\"bloc_13_9\">\n<div class=\"container\">\n<h2><span><\/span><\/h2>\n<\/p>\n<div class=\"row justify-content-center\">\n<div class=\"col-lg-10\">\n<div class=\"slider\">\n<div id=\"slider-bloc_13_9\" class=\"flexslider flexslider--bigmedia loading\">\n<ul class=\"slides list-unstyled\">\n<li class=\"slider-li\">\n\t\t\t\t\t\t\t\t\t\t     \t<a data-fancybox=\"rel-slider-bloc_13_9\" data-caption=\"\" href=\"https:\/\/institutsaintdominique.fr\/wp-content\/uploads\/2023\/04\/1680769648052-1080x604.jpg\"><br \/>\n\t\t\t\t\t\t\t\t\t\t\t\t\t<img decoding=\"async\" class=\"img-fluid\" src=\"https:\/\/institutsaintdominique.fr\/wp-content\/uploads\/2023\/04\/1680769648052-1080x604.jpg\" width=\"\" height=\"\" alt=\"\"><br \/>\n\t\t\t\t\t\t\t\t\t\t\t\t<\/a>\n\t\t\t\t\t\t\t\t\t\t     <\/li>\n<\/ul><\/div>\n<\/p><\/div>\n<\/p><\/div>\n<\/p><\/div>\n<\/p><\/div>\n<\/div>\n<div class=\"blocmedia blocmedia--textleft blocmedia--nocolor\" id=\"bloc_2_10\">\n<div class=\"container\">\n<div class=\"row\">\n<div class=\"col-12 col-md-6\">\n<div class=\"slider\">\n<div id=\"slider-bloc_2_10\" class=\"flexslider flexslider--blocmedia loading\">\n<ul class=\"slides list-unstyled\">\n<li class=\"slider-li\">\n\t\t\t\t\t\t\t\t\t\t     \t<a data-fancybox=\"rel-slider-bloc_2_10\" data-caption=\"\" href=\"https:\/\/institutsaintdominique.fr\/wp-content\/uploads\/2023\/03\/ISD-CAMPUS-722x564.png\"><br \/>\n\t\t\t\t\t\t\t\t\t\t\t\t\t<img decoding=\"async\" class=\"img-fluid\" src=\"https:\/\/institutsaintdominique.fr\/wp-content\/uploads\/2023\/03\/ISD-CAMPUS-722x564.png\" width=\"\" height=\"\" alt=\"\"><br \/>\n\t\t\t\t\t\t\t\t\t\t\t\t<\/a>\n\t\t\t\t\t\t\t\t\t\t     <\/li>\n<\/ul><\/div>\n<\/p><\/div>\n<\/p><\/div>\n<div class=\"col-12 col-md-5 d-flex flex-column justify-content-center align-items-start mb-2 mb-md-0\">\n<div class=\"text\">\n<h2><span>Marie-Astrid Roy talks about us<\/span><\/h2>\n<p>&#8220;Meeting with Bernard Lociciro, new Dean of the Saint-Dominique International Institute in Rome (ISD). With a legacy stemming from 61 years of history, a new page opens for the ISD.&#8221; [&#8230;]<\/p>\n<p>\t\t\t\t\t\t<!-- Changer la classe de couleur du bouton en fonction de la couleur g\u00e9n\u00e9rale du bloc --><\/p>\n<div class=\"bloc_cta\" >\n<p><a class=\"btn btn--nocolor\" href=\"https:\/\/lepetitjournal.com\/rome\/communaute\/institut-saint-dominique-rome-nouveau-projet-etablissement-quatre-piliers-349912\" target=\"_blank\" rel=\"noopener\">Read the article<\/a>\t\t\t\t\t<\/div>\n<\/p><\/div>\n<\/p><\/div>\n<\/p><\/div>\n<\/p><\/div>\n<\/div>\n","protected":false},"excerpt":{"rendered":"<p>Marie-Astrid Roy Lepetitjournal.com Milan and Rome are two local editions directed by Marie-Astrid ROY, part of a network present all [&hellip;]<\/p>\n","protected":false},"author":15,"featured_media":0,"comment_status":"closed","ping_status":"open","sticky":false,"template":"","format":"standard","meta":{"_acf_changed":false,"kdcopypost-origin-url":"","kdcopypost-origin-id":"","footnotes":""},"categories":[96],"tags":[],"class_list":["post-17323","post","type-post","status-publish","format-standard","hentry","category-news"],"acf":{"sous_titre":"","photo":16450},"yoast_head":"<!-- This site is optimized with the Yoast SEO plugin v27.0 - https:\/\/yoast.com\/product\/yoast-seo-wordpress\/ -->\n<title>Meeting with MAR from Le Petit Journal - ISD Rome<\/title>\n<meta name=\"description\" content=\"Interview with Marie-Astrid Roy, (LePetitJournal.com Milan and Rome editions), by a 3\u00e8me student during her visit at the ISD\" \/>\n<meta name=\"robots\" content=\"index, follow, max-snippet:-1, max-image-preview:large, max-video-preview:-1\" \/>\n<link rel=\"canonical\" href=\"https:\/\/institutsaintdominique.fr\/en\/2023\/04\/06\/rencontre-avec-marie-astrid-roy-au-cdi-2-2\/\" \/>\n<meta property=\"og:locale\" content=\"en_US\" \/>\n<meta property=\"og:type\" content=\"article\" \/>\n<meta property=\"og:title\" content=\"Meeting with MAR from Le Petit Journal - ISD Rome\" \/>\n<meta property=\"og:description\" content=\"Interview with Marie-Astrid Roy, (LePetitJournal.com Milan and Rome editions), by a 3\u00e8me student during her visit at the ISD\" \/>\n<meta property=\"og:url\" content=\"https:\/\/institutsaintdominique.fr\/en\/2023\/04\/06\/rencontre-avec-marie-astrid-roy-au-cdi-2-2\/\" \/>\n<meta property=\"og:site_name\" content=\"ISD Rome\" \/>\n<meta property=\"article:published_time\" content=\"2023-04-06T09:10:45+00:00\" \/>\n<meta property=\"article:modified_time\" content=\"2023-05-25T07:46:45+00:00\" \/>\n<meta property=\"og:image\" content=\"https:\/\/institutsaintdominique.fr\/wp-content\/uploads\/2023\/04\/1680769648052-1080x604.jpg\" \/>\n<meta name=\"author\" content=\"Francesca Grillo\" \/>\n<meta name=\"twitter:card\" content=\"summary_large_image\" \/>\n<meta name=\"twitter:label1\" content=\"Written by\" \/>\n\t<meta name=\"twitter:data1\" content=\"Francesca Grillo\" \/>\n\t<meta name=\"twitter:label2\" content=\"Est. reading time\" \/>\n\t<meta name=\"twitter:data2\" content=\"3 minutes\" \/>\n<script type=\"application\/ld+json\" class=\"yoast-schema-graph\">{\"@context\":\"https:\/\/schema.org\",\"@graph\":[{\"@type\":\"Article\",\"@id\":\"https:\/\/institutsaintdominique.fr\/en\/2023\/04\/06\/rencontre-avec-marie-astrid-roy-au-cdi-2-2\/#article\",\"isPartOf\":{\"@id\":\"https:\/\/institutsaintdominique.fr\/en\/2023\/04\/06\/rencontre-avec-marie-astrid-roy-au-cdi-2-2\/\"},\"author\":{\"name\":\"Francesca Grillo\",\"@id\":\"https:\/\/institutsaintdominique.fr\/en\/#\/schema\/person\/dc7a9a68339c11fa2dc8b97db2a281f5\"},\"headline\":\"Meeting with MAR from Le Petit Journal\",\"datePublished\":\"2023-04-06T09:10:45+00:00\",\"dateModified\":\"2023-05-25T07:46:45+00:00\",\"mainEntityOfPage\":{\"@id\":\"https:\/\/institutsaintdominique.fr\/en\/2023\/04\/06\/rencontre-avec-marie-astrid-roy-au-cdi-2-2\/\"},\"wordCount\":340,\"image\":{\"@id\":\"https:\/\/institutsaintdominique.fr\/en\/2023\/04\/06\/rencontre-avec-marie-astrid-roy-au-cdi-2-2\/#primaryimage\"},\"thumbnailUrl\":\"https:\/\/institutsaintdominique.fr\/wp-content\/uploads\/2023\/04\/1680769648052-1080x604.jpg\",\"articleSection\":[\"News\"],\"inLanguage\":\"en-US\"},{\"@type\":\"WebPage\",\"@id\":\"https:\/\/institutsaintdominique.fr\/en\/2023\/04\/06\/rencontre-avec-marie-astrid-roy-au-cdi-2-2\/\",\"url\":\"https:\/\/institutsaintdominique.fr\/en\/2023\/04\/06\/rencontre-avec-marie-astrid-roy-au-cdi-2-2\/\",\"name\":\"Meeting with MAR from Le Petit Journal - ISD Rome\",\"isPartOf\":{\"@id\":\"https:\/\/institutsaintdominique.fr\/en\/#website\"},\"primaryImageOfPage\":{\"@id\":\"https:\/\/institutsaintdominique.fr\/en\/2023\/04\/06\/rencontre-avec-marie-astrid-roy-au-cdi-2-2\/#primaryimage\"},\"image\":{\"@id\":\"https:\/\/institutsaintdominique.fr\/en\/2023\/04\/06\/rencontre-avec-marie-astrid-roy-au-cdi-2-2\/#primaryimage\"},\"thumbnailUrl\":\"https:\/\/institutsaintdominique.fr\/wp-content\/uploads\/2023\/04\/1680769648052-1080x604.jpg\",\"datePublished\":\"2023-04-06T09:10:45+00:00\",\"dateModified\":\"2023-05-25T07:46:45+00:00\",\"author\":{\"@id\":\"https:\/\/institutsaintdominique.fr\/en\/#\/schema\/person\/dc7a9a68339c11fa2dc8b97db2a281f5\"},\"description\":\"Interview with Marie-Astrid Roy, (LePetitJournal.com Milan and Rome editions), by a 3\u00e8me student during her visit at the ISD\",\"breadcrumb\":{\"@id\":\"https:\/\/institutsaintdominique.fr\/en\/2023\/04\/06\/rencontre-avec-marie-astrid-roy-au-cdi-2-2\/#breadcrumb\"},\"inLanguage\":\"en-US\",\"potentialAction\":[{\"@type\":\"ReadAction\",\"target\":[\"https:\/\/institutsaintdominique.fr\/en\/2023\/04\/06\/rencontre-avec-marie-astrid-roy-au-cdi-2-2\/\"]}]},{\"@type\":\"ImageObject\",\"inLanguage\":\"en-US\",\"@id\":\"https:\/\/institutsaintdominique.fr\/en\/2023\/04\/06\/rencontre-avec-marie-astrid-roy-au-cdi-2-2\/#primaryimage\",\"url\":\"https:\/\/institutsaintdominique.fr\/wp-content\/uploads\/2023\/04\/1680769648052-1080x604.jpg\",\"contentUrl\":\"https:\/\/institutsaintdominique.fr\/wp-content\/uploads\/2023\/04\/1680769648052-1080x604.jpg\"},{\"@type\":\"BreadcrumbList\",\"@id\":\"https:\/\/institutsaintdominique.fr\/en\/2023\/04\/06\/rencontre-avec-marie-astrid-roy-au-cdi-2-2\/#breadcrumb\",\"itemListElement\":[{\"@type\":\"ListItem\",\"position\":1,\"name\":\"Accueil\",\"item\":\"https:\/\/institutsaintdominique.fr\/en\/\"},{\"@type\":\"ListItem\",\"position\":2,\"name\":\"Meeting with MAR from Le Petit Journal\"}]},{\"@type\":\"WebSite\",\"@id\":\"https:\/\/institutsaintdominique.fr\/en\/#website\",\"url\":\"https:\/\/institutsaintdominique.fr\/en\/\",\"name\":\"ISD Rome\",\"description\":\"ISD Rome\",\"potentialAction\":[{\"@type\":\"SearchAction\",\"target\":{\"@type\":\"EntryPoint\",\"urlTemplate\":\"https:\/\/institutsaintdominique.fr\/en\/?s={search_term_string}\"},\"query-input\":{\"@type\":\"PropertyValueSpecification\",\"valueRequired\":true,\"valueName\":\"search_term_string\"}}],\"inLanguage\":\"en-US\"},{\"@type\":\"Person\",\"@id\":\"https:\/\/institutsaintdominique.fr\/en\/#\/schema\/person\/dc7a9a68339c11fa2dc8b97db2a281f5\",\"name\":\"Francesca Grillo\",\"image\":{\"@type\":\"ImageObject\",\"inLanguage\":\"en-US\",\"@id\":\"https:\/\/institutsaintdominique.fr\/en\/#\/schema\/person\/image\/\",\"url\":\"https:\/\/secure.gravatar.com\/avatar\/a0b6407c63324d8cdcdfbbf527debca7c73cc8182a896b731d7abdbacea37807?s=96&d=mm&r=g\",\"contentUrl\":\"https:\/\/secure.gravatar.com\/avatar\/a0b6407c63324d8cdcdfbbf527debca7c73cc8182a896b731d7abdbacea37807?s=96&d=mm&r=g\",\"caption\":\"Francesca Grillo\"},\"url\":\"https:\/\/institutsaintdominique.fr\/en\/author\/francescagrilloinstitutsaintdominique-it\/\"}]}<\/script>\n<!-- \/ Yoast SEO plugin. -->","yoast_head_json":{"title":"Meeting with MAR from Le Petit Journal - ISD Rome","description":"Interview with Marie-Astrid Roy, (LePetitJournal.com Milan and Rome editions), by a 3\u00e8me student during her visit at the ISD","robots":{"index":"index","follow":"follow","max-snippet":"max-snippet:-1","max-image-preview":"max-image-preview:large","max-video-preview":"max-video-preview:-1"},"canonical":"https:\/\/institutsaintdominique.fr\/en\/2023\/04\/06\/rencontre-avec-marie-astrid-roy-au-cdi-2-2\/","og_locale":"en_US","og_type":"article","og_title":"Meeting with MAR from Le Petit Journal - ISD Rome","og_description":"Interview with Marie-Astrid Roy, (LePetitJournal.com Milan and Rome editions), by a 3\u00e8me student during her visit at the ISD","og_url":"https:\/\/institutsaintdominique.fr\/en\/2023\/04\/06\/rencontre-avec-marie-astrid-roy-au-cdi-2-2\/","og_site_name":"ISD Rome","article_published_time":"2023-04-06T09:10:45+00:00","article_modified_time":"2023-05-25T07:46:45+00:00","og_image":[{"url":"https:\/\/institutsaintdominique.fr\/wp-content\/uploads\/2023\/04\/1680769648052-1080x604.jpg","type":"","width":"","height":""}],"author":"Francesca Grillo","twitter_card":"summary_large_image","twitter_misc":{"Written by":"Francesca Grillo","Est. reading time":"3 minutes"},"schema":{"@context":"https:\/\/schema.org","@graph":[{"@type":"Article","@id":"https:\/\/institutsaintdominique.fr\/en\/2023\/04\/06\/rencontre-avec-marie-astrid-roy-au-cdi-2-2\/#article","isPartOf":{"@id":"https:\/\/institutsaintdominique.fr\/en\/2023\/04\/06\/rencontre-avec-marie-astrid-roy-au-cdi-2-2\/"},"author":{"name":"Francesca Grillo","@id":"https:\/\/institutsaintdominique.fr\/en\/#\/schema\/person\/dc7a9a68339c11fa2dc8b97db2a281f5"},"headline":"Meeting with MAR from Le Petit Journal","datePublished":"2023-04-06T09:10:45+00:00","dateModified":"2023-05-25T07:46:45+00:00","mainEntityOfPage":{"@id":"https:\/\/institutsaintdominique.fr\/en\/2023\/04\/06\/rencontre-avec-marie-astrid-roy-au-cdi-2-2\/"},"wordCount":340,"image":{"@id":"https:\/\/institutsaintdominique.fr\/en\/2023\/04\/06\/rencontre-avec-marie-astrid-roy-au-cdi-2-2\/#primaryimage"},"thumbnailUrl":"https:\/\/institutsaintdominique.fr\/wp-content\/uploads\/2023\/04\/1680769648052-1080x604.jpg","articleSection":["News"],"inLanguage":"en-US"},{"@type":"WebPage","@id":"https:\/\/institutsaintdominique.fr\/en\/2023\/04\/06\/rencontre-avec-marie-astrid-roy-au-cdi-2-2\/","url":"https:\/\/institutsaintdominique.fr\/en\/2023\/04\/06\/rencontre-avec-marie-astrid-roy-au-cdi-2-2\/","name":"Meeting with MAR from Le Petit Journal - ISD Rome","isPartOf":{"@id":"https:\/\/institutsaintdominique.fr\/en\/#website"},"primaryImageOfPage":{"@id":"https:\/\/institutsaintdominique.fr\/en\/2023\/04\/06\/rencontre-avec-marie-astrid-roy-au-cdi-2-2\/#primaryimage"},"image":{"@id":"https:\/\/institutsaintdominique.fr\/en\/2023\/04\/06\/rencontre-avec-marie-astrid-roy-au-cdi-2-2\/#primaryimage"},"thumbnailUrl":"https:\/\/institutsaintdominique.fr\/wp-content\/uploads\/2023\/04\/1680769648052-1080x604.jpg","datePublished":"2023-04-06T09:10:45+00:00","dateModified":"2023-05-25T07:46:45+00:00","author":{"@id":"https:\/\/institutsaintdominique.fr\/en\/#\/schema\/person\/dc7a9a68339c11fa2dc8b97db2a281f5"},"description":"Interview with Marie-Astrid Roy, (LePetitJournal.com Milan and Rome editions), by a 3\u00e8me student during her visit at the ISD","breadcrumb":{"@id":"https:\/\/institutsaintdominique.fr\/en\/2023\/04\/06\/rencontre-avec-marie-astrid-roy-au-cdi-2-2\/#breadcrumb"},"inLanguage":"en-US","potentialAction":[{"@type":"ReadAction","target":["https:\/\/institutsaintdominique.fr\/en\/2023\/04\/06\/rencontre-avec-marie-astrid-roy-au-cdi-2-2\/"]}]},{"@type":"ImageObject","inLanguage":"en-US","@id":"https:\/\/institutsaintdominique.fr\/en\/2023\/04\/06\/rencontre-avec-marie-astrid-roy-au-cdi-2-2\/#primaryimage","url":"https:\/\/institutsaintdominique.fr\/wp-content\/uploads\/2023\/04\/1680769648052-1080x604.jpg","contentUrl":"https:\/\/institutsaintdominique.fr\/wp-content\/uploads\/2023\/04\/1680769648052-1080x604.jpg"},{"@type":"BreadcrumbList","@id":"https:\/\/institutsaintdominique.fr\/en\/2023\/04\/06\/rencontre-avec-marie-astrid-roy-au-cdi-2-2\/#breadcrumb","itemListElement":[{"@type":"ListItem","position":1,"name":"Accueil","item":"https:\/\/institutsaintdominique.fr\/en\/"},{"@type":"ListItem","position":2,"name":"Meeting with MAR from Le Petit Journal"}]},{"@type":"WebSite","@id":"https:\/\/institutsaintdominique.fr\/en\/#website","url":"https:\/\/institutsaintdominique.fr\/en\/","name":"ISD Rome","description":"ISD Rome","potentialAction":[{"@type":"SearchAction","target":{"@type":"EntryPoint","urlTemplate":"https:\/\/institutsaintdominique.fr\/en\/?s={search_term_string}"},"query-input":{"@type":"PropertyValueSpecification","valueRequired":true,"valueName":"search_term_string"}}],"inLanguage":"en-US"},{"@type":"Person","@id":"https:\/\/institutsaintdominique.fr\/en\/#\/schema\/person\/dc7a9a68339c11fa2dc8b97db2a281f5","name":"Francesca Grillo","image":{"@type":"ImageObject","inLanguage":"en-US","@id":"https:\/\/institutsaintdominique.fr\/en\/#\/schema\/person\/image\/","url":"https:\/\/secure.gravatar.com\/avatar\/a0b6407c63324d8cdcdfbbf527debca7c73cc8182a896b731d7abdbacea37807?s=96&d=mm&r=g","contentUrl":"https:\/\/secure.gravatar.com\/avatar\/a0b6407c63324d8cdcdfbbf527debca7c73cc8182a896b731d7abdbacea37807?s=96&d=mm&r=g","caption":"Francesca Grillo"},"url":"https:\/\/institutsaintdominique.fr\/en\/author\/francescagrilloinstitutsaintdominique-it\/"}]}},"lang":"en","_links":{"self":[{"href":"https:\/\/institutsaintdominique.fr\/en\/wp-json\/wp\/v2\/posts\/17323","targetHints":{"allow":["GET"]}}],"collection":[{"href":"https:\/\/institutsaintdominique.fr\/en\/wp-json\/wp\/v2\/posts"}],"about":[{"href":"https:\/\/institutsaintdominique.fr\/en\/wp-json\/wp\/v2\/types\/post"}],"author":[{"embeddable":true,"href":"https:\/\/institutsaintdominique.fr\/en\/wp-json\/wp\/v2\/users\/15"}],"replies":[{"embeddable":true,"href":"https:\/\/institutsaintdominique.fr\/en\/wp-json\/wp\/v2\/comments?post=17323"}],"version-history":[{"count":6,"href":"https:\/\/institutsaintdominique.fr\/en\/wp-json\/wp\/v2\/posts\/17323\/revisions"}],"predecessor-version":[{"id":17995,"href":"https:\/\/institutsaintdominique.fr\/en\/wp-json\/wp\/v2\/posts\/17323\/revisions\/17995"}],"wp:attachment":[{"href":"https:\/\/institutsaintdominique.fr\/en\/wp-json\/wp\/v2\/media?parent=17323"}],"wp:term":[{"taxonomy":"category","embeddable":true,"href":"https:\/\/institutsaintdominique.fr\/en\/wp-json\/wp\/v2\/categories?post=17323"},{"taxonomy":"post_tag","embeddable":true,"href":"https:\/\/institutsaintdominique.fr\/en\/wp-json\/wp\/v2\/tags?post=17323"}],"curies":[{"name":"wp","href":"https:\/\/api.w.org\/{rel}","templated":true}]}}