{"id":15819,"date":"2023-01-23T12:25:05","date_gmt":"2023-01-23T11:25:05","guid":{"rendered":"https:\/\/institutsaintdominique.fr\/2023\/01\/23\/winter-camp-2023\/"},"modified":"2023-01-24T14:44:30","modified_gmt":"2023-01-24T13:44:30","slug":"winter-camp-2023","status":"publish","type":"post","link":"https:\/\/institutsaintdominique.fr\/it\/2023\/01\/23\/winter-camp-2023\/","title":{"rendered":"Winter camp 2023"},"content":{"rendered":"<p><!-- Bloc big header --><\/p>\n<div id=\"bloc_big_header_4\" class=\"bigheader\" >\n<div class=\"container\">\n<div class=\"text d-flex flex-column justify-content-between align-items-start\">\n<h1><span>Winter camp<\/span><\/h1>\n<\/p><\/div>\n<\/p><\/div>\n<div id=\"slider-bloc_big_header_4\" class=\"flexslider flexslider--bigheader loading\">\n<ul class=\"slides list-unstyled\">\n<li class=\"slider-li slider-li-bloc_big_header_4-0 \">\n<style type=\"text\/css\">\n\t\t\t\t\t\t\t\t.slider-li-bloc_big_header_4-0 div {background-image: url(https:\/\/institutsaintdominique.fr\/wp-content\/uploads\/2023\/01\/Winter-camp-420x420.png);}\n\t\t\t\t\t\t\t\t@media (min-width: 480px) {\t.slider-li-bloc_big_header_4-0 div {background-image: url(https:\/\/institutsaintdominique.fr\/wp-content\/uploads\/2023\/01\/Winter-camp-420x420.png);}}\n\t\t\t\t\t\t\t\t@media (min-width: 768px) {\t.slider-li-bloc_big_header_4-0 div {background-image: url(https:\/\/institutsaintdominique.fr\/wp-content\/uploads\/2023\/01\/Winter-camp-1024x724.png);}}\n\t\t\t\t\t\t\t\t@media (min-width: 992px) { .slider-li-bloc_big_header_4-0 div {background-image: url(https:\/\/institutsaintdominique.fr\/wp-content\/uploads\/2023\/01\/Winter-camp-1024x724.png);}}\n\t\t\t\t\t\t\t\t@media (min-width: 1200px) { .slider-li-bloc_big_header_4-0 div {background-image: url(https:\/\/institutsaintdominique.fr\/wp-content\/uploads\/2023\/01\/Winter-camp-1536x1086.png);}}\n\t\t\t\t\t\t\t<\/style>\n<div><\/div>\n<\/li>\n<\/ul><\/div>\n<\/div>\n<p><!-- Bloc 6 - Texte --><\/p>\n<div class=\"bloctext bloctext--nocolor bloctext--haspattern\" id=\"bloc_6_5\">\n<div class=\"container\">\n<div class=\"row\">\n<div class=\"col-12 col-lg-4 col-xl-3 mb-1\">\n<h2><span>Winter camp<\/span><\/h2>\n<\/p><\/div>\n<div class=\"col-12 col-lg-8 col-xl-9\">\n<div class=\"text pl-lg-4\">\n<p>L&rsquo;Istituto Internazionale Saint-Dominique \u00e8 lieto di presentarvi le attivit\u00e0 del suo <strong>\u00abWinter camp\u00bb dal 20 febbraio al 3 marzo 2023.<\/strong><\/p>\n<p>Abbiamo privilegiato un equilibrio tra attivit\u00e0 artistiche, sportive innovative e revisioni scolastiche indispensabili in questa fase dell&rsquo;anno soprattutto alle medie con un obiettivo \u00abBrevet\u00bb. Abbiamo voluto anche, per i pi\u00f9 piccoli dei nostri alunni, impregnarli dell&rsquo;atmosfera dell&rsquo;inverno e delle sue tradizioni. Un&rsquo;accoglienza\/garderie \u00e8 previsto dalle 7:45 con un inizio di attivit\u00e0 alle 8:30 per la scuola primaria.<\/p>\n<p>Scoprite il <strong>programma<\/strong>:<\/p>\n<ul>\n<li>Dalla Toute Petite Section della materna al CP: \u00ab\u00a0<em><strong>La magia dell&rsquo;inverno<\/strong><\/em>\u00ab\u00a0.\u00a0 Attivit\u00e0 intorno all&rsquo;agilit\u00e0, all&rsquo;arte (tema invernale e carnevale), avventura e scoperte. Le attivit\u00e0 della prima settimana si svolgeranno in francese, quelle della seconda settimana in inglese ed in italiano.<\/li>\n<li>Dalla CE1 alla CM2: \u00ab\u00a0<strong><em>Breakdance, Musica digitale, Foto-video, Arti, Giochi<\/em><\/strong>\u00ab\u00a0. Settimana 1: Breakdance\/ Arti\/ Foto-video.\u00a0 Settimana 2: Sport\/ Arti e giochi\/ Djing (musica digitale).<\/li>\n<li>Scuola media: \u00ab\u00a0<em><strong>Ripasso e breakdance<\/strong><\/em>\u00ab\u00a0. Ripasso in matematica, fisica-chimica, storia-geografia, francese (FLE) al mattino.\u00a0 Breakdance nel pomeriggio! <strong><span style=\"color: #993300;\"><em>Attenzione, il camp si terr\u00e0 solo durante la prima settimana per le medie.<\/em><\/span><\/strong><\/li>\n<\/ul>\n<p><strong>Tariffe<\/strong>: 250 \u20ac \/settimana<\/p>\n<p>Consultate la brochure e le nostre condizioni generali di vendita: <a href=\"https:\/\/institutsaintdominique.fr\/wp-content\/uploads\/2023\/01\/Winter-camp-ISD-1.pdf\">Brochure Winter camp<\/a>.<\/p>\n<p>Le iscrizioni si effettuano online sulla nostra piattaforma <a href=\"https:\/\/isdrome.eduka.school\/\">EDUKA<\/a> fino al 10 febbraio nella sezione \u00ab\u00a0AES\u00a0\u00bb. Per informazioni: isdcamp@institutsaintdominique.it<\/p>\n<\/p><\/div>\n<\/p><\/div>\n<\/p><\/div>\n<\/p><\/div>\n<\/div>\n<p><!-- Bloc 14 - Vignettes --><\/p>\n<div class=\"blocsphotos blocsphotos--nocolor\" id=\"bloc_14_6\">\n<div class=\"container\">\n<div class=\"row\">\n<div class=\"col-6 col-md-3 mb-1 mb-md-0\">\n<div class=\"blocphoto\">\n\t\t\t\t\t<img decoding=\"async\" class=\"img-fluid img-rounded\" src=\"https:\/\/institutsaintdominique.fr\/wp-content\/uploads\/2023\/01\/Winter-camp-270x310.png\" width=\"\" height=\"\" alt=\"\">\n\t\t\t\t<\/div>\n<\/p><\/div>\n<\/p><\/div>\n<\/p><\/div>\n<\/div>\n","protected":false},"excerpt":{"rendered":"<p>Winter camp Winter camp L&rsquo;Istituto Internazionale Saint-Dominique \u00e8 lieto di presentarvi le attivit\u00e0 del suo \u00abWinter camp\u00bb dal 20 febbraio [&hellip;]<\/p>\n","protected":false},"author":6,"featured_media":0,"comment_status":"closed","ping_status":"open","sticky":false,"template":"","format":"standard","meta":{"_acf_changed":false,"kdcopypost-origin-url":"","kdcopypost-origin-id":"","footnotes":""},"categories":[64],"tags":[],"class_list":["post-15819","post","type-post","status-publish","format-standard","hentry","category-attualita"],"acf":{"sous_titre":"Dal 20 febbraio al 3 marzo 2023","photo":15812},"yoast_head":"<!-- This site is optimized with the Yoast SEO plugin v27.0 - https:\/\/yoast.com\/product\/yoast-seo-wordpress\/ -->\n<title>Winter camp 2023 - ISD Rome<\/title>\n<meta name=\"description\" content=\"L&#039;Istituto Internazionale Saint-Dominique \u00e8 lieto di presentarvi le attivit\u00e0 del suo \u00abWinter camp\u00bb dal 20 febbraio al 3 marzo 2023.\" \/>\n<meta name=\"robots\" content=\"index, follow, max-snippet:-1, max-image-preview:large, max-video-preview:-1\" \/>\n<link rel=\"canonical\" href=\"https:\/\/institutsaintdominique.fr\/it\/2023\/01\/23\/winter-camp-2023\/\" \/>\n<meta property=\"og:locale\" content=\"it_IT\" \/>\n<meta property=\"og:type\" content=\"article\" \/>\n<meta property=\"og:title\" content=\"Winter camp 2023 - ISD Rome\" \/>\n<meta property=\"og:description\" content=\"L&#039;Istituto Internazionale Saint-Dominique \u00e8 lieto di presentarvi le attivit\u00e0 del suo \u00abWinter camp\u00bb dal 20 febbraio al 3 marzo 2023.\" \/>\n<meta property=\"og:url\" content=\"https:\/\/institutsaintdominique.fr\/it\/2023\/01\/23\/winter-camp-2023\/\" \/>\n<meta property=\"og:site_name\" content=\"ISD Rome\" \/>\n<meta property=\"article:published_time\" content=\"2023-01-23T11:25:05+00:00\" \/>\n<meta property=\"article:modified_time\" content=\"2023-01-24T13:44:30+00:00\" \/>\n<meta property=\"og:image\" content=\"https:\/\/institutsaintdominique.fr\/wp-content\/uploads\/2023\/01\/Winter-camp-270x310.png\" \/>\n<meta name=\"author\" content=\"Elodie Richard\" \/>\n<meta name=\"twitter:card\" content=\"summary_large_image\" \/>\n<meta name=\"twitter:label1\" content=\"Scritto da\" \/>\n\t<meta name=\"twitter:data1\" content=\"Elodie Richard\" \/>\n\t<meta name=\"twitter:label2\" content=\"Tempo di lettura stimato\" \/>\n\t<meta name=\"twitter:data2\" content=\"2 minuti\" \/>\n<script type=\"application\/ld+json\" class=\"yoast-schema-graph\">{\"@context\":\"https:\/\/schema.org\",\"@graph\":[{\"@type\":\"Article\",\"@id\":\"https:\/\/institutsaintdominique.fr\/it\/2023\/01\/23\/winter-camp-2023\/#article\",\"isPartOf\":{\"@id\":\"https:\/\/institutsaintdominique.fr\/it\/2023\/01\/23\/winter-camp-2023\/\"},\"author\":{\"name\":\"Elodie Richard\",\"@id\":\"https:\/\/institutsaintdominique.fr\/it\/#\/schema\/person\/c38ab8b85d6614d491ed118187ad1cd2\"},\"headline\":\"Winter camp 2023\",\"datePublished\":\"2023-01-23T11:25:05+00:00\",\"dateModified\":\"2023-01-24T13:44:30+00:00\",\"mainEntityOfPage\":{\"@id\":\"https:\/\/institutsaintdominique.fr\/it\/2023\/01\/23\/winter-camp-2023\/\"},\"wordCount\":223,\"image\":{\"@id\":\"https:\/\/institutsaintdominique.fr\/it\/2023\/01\/23\/winter-camp-2023\/#primaryimage\"},\"thumbnailUrl\":\"https:\/\/institutsaintdominique.fr\/wp-content\/uploads\/2023\/01\/Winter-camp-270x310.png\",\"articleSection\":[\"Attualit\u00e0\"],\"inLanguage\":\"it-IT\"},{\"@type\":\"WebPage\",\"@id\":\"https:\/\/institutsaintdominique.fr\/it\/2023\/01\/23\/winter-camp-2023\/\",\"url\":\"https:\/\/institutsaintdominique.fr\/it\/2023\/01\/23\/winter-camp-2023\/\",\"name\":\"Winter camp 2023 - ISD Rome\",\"isPartOf\":{\"@id\":\"https:\/\/institutsaintdominique.fr\/it\/#website\"},\"primaryImageOfPage\":{\"@id\":\"https:\/\/institutsaintdominique.fr\/it\/2023\/01\/23\/winter-camp-2023\/#primaryimage\"},\"image\":{\"@id\":\"https:\/\/institutsaintdominique.fr\/it\/2023\/01\/23\/winter-camp-2023\/#primaryimage\"},\"thumbnailUrl\":\"https:\/\/institutsaintdominique.fr\/wp-content\/uploads\/2023\/01\/Winter-camp-270x310.png\",\"datePublished\":\"2023-01-23T11:25:05+00:00\",\"dateModified\":\"2023-01-24T13:44:30+00:00\",\"author\":{\"@id\":\"https:\/\/institutsaintdominique.fr\/it\/#\/schema\/person\/c38ab8b85d6614d491ed118187ad1cd2\"},\"description\":\"L'Istituto Internazionale Saint-Dominique \u00e8 lieto di presentarvi le attivit\u00e0 del suo \u00abWinter camp\u00bb dal 20 febbraio al 3 marzo 2023.\",\"breadcrumb\":{\"@id\":\"https:\/\/institutsaintdominique.fr\/it\/2023\/01\/23\/winter-camp-2023\/#breadcrumb\"},\"inLanguage\":\"it-IT\",\"potentialAction\":[{\"@type\":\"ReadAction\",\"target\":[\"https:\/\/institutsaintdominique.fr\/it\/2023\/01\/23\/winter-camp-2023\/\"]}]},{\"@type\":\"ImageObject\",\"inLanguage\":\"it-IT\",\"@id\":\"https:\/\/institutsaintdominique.fr\/it\/2023\/01\/23\/winter-camp-2023\/#primaryimage\",\"url\":\"https:\/\/institutsaintdominique.fr\/wp-content\/uploads\/2023\/01\/Winter-camp-270x310.png\",\"contentUrl\":\"https:\/\/institutsaintdominique.fr\/wp-content\/uploads\/2023\/01\/Winter-camp-270x310.png\"},{\"@type\":\"BreadcrumbList\",\"@id\":\"https:\/\/institutsaintdominique.fr\/it\/2023\/01\/23\/winter-camp-2023\/#breadcrumb\",\"itemListElement\":[{\"@type\":\"ListItem\",\"position\":1,\"name\":\"Accueil\",\"item\":\"https:\/\/institutsaintdominique.fr\/it\/\"},{\"@type\":\"ListItem\",\"position\":2,\"name\":\"Winter camp 2023\"}]},{\"@type\":\"WebSite\",\"@id\":\"https:\/\/institutsaintdominique.fr\/it\/#website\",\"url\":\"https:\/\/institutsaintdominique.fr\/it\/\",\"name\":\"ISD Rome\",\"description\":\"ISD Rome\",\"potentialAction\":[{\"@type\":\"SearchAction\",\"target\":{\"@type\":\"EntryPoint\",\"urlTemplate\":\"https:\/\/institutsaintdominique.fr\/it\/?s={search_term_string}\"},\"query-input\":{\"@type\":\"PropertyValueSpecification\",\"valueRequired\":true,\"valueName\":\"search_term_string\"}}],\"inLanguage\":\"it-IT\"},{\"@type\":\"Person\",\"@id\":\"https:\/\/institutsaintdominique.fr\/it\/#\/schema\/person\/c38ab8b85d6614d491ed118187ad1cd2\",\"name\":\"Elodie Richard\",\"image\":{\"@type\":\"ImageObject\",\"inLanguage\":\"it-IT\",\"@id\":\"https:\/\/institutsaintdominique.fr\/it\/#\/schema\/person\/image\/\",\"url\":\"https:\/\/secure.gravatar.com\/avatar\/7e74bde88794f1cb953cdf7c8af9be1618ae4213b53398697172c86043894eeb?s=96&d=mm&r=g\",\"contentUrl\":\"https:\/\/secure.gravatar.com\/avatar\/7e74bde88794f1cb953cdf7c8af9be1618ae4213b53398697172c86043894eeb?s=96&d=mm&r=g\",\"caption\":\"Elodie Richard\"},\"url\":\"https:\/\/institutsaintdominique.fr\/it\/author\/elodie-richard\/\"}]}<\/script>\n<!-- \/ Yoast SEO plugin. -->","yoast_head_json":{"title":"Winter camp 2023 - ISD Rome","description":"L'Istituto Internazionale Saint-Dominique \u00e8 lieto di presentarvi le attivit\u00e0 del suo \u00abWinter camp\u00bb dal 20 febbraio al 3 marzo 2023.","robots":{"index":"index","follow":"follow","max-snippet":"max-snippet:-1","max-image-preview":"max-image-preview:large","max-video-preview":"max-video-preview:-1"},"canonical":"https:\/\/institutsaintdominique.fr\/it\/2023\/01\/23\/winter-camp-2023\/","og_locale":"it_IT","og_type":"article","og_title":"Winter camp 2023 - ISD Rome","og_description":"L'Istituto Internazionale Saint-Dominique \u00e8 lieto di presentarvi le attivit\u00e0 del suo \u00abWinter camp\u00bb dal 20 febbraio al 3 marzo 2023.","og_url":"https:\/\/institutsaintdominique.fr\/it\/2023\/01\/23\/winter-camp-2023\/","og_site_name":"ISD Rome","article_published_time":"2023-01-23T11:25:05+00:00","article_modified_time":"2023-01-24T13:44:30+00:00","og_image":[{"url":"https:\/\/institutsaintdominique.fr\/wp-content\/uploads\/2023\/01\/Winter-camp-270x310.png","type":"","width":"","height":""}],"author":"Elodie Richard","twitter_card":"summary_large_image","twitter_misc":{"Scritto da":"Elodie Richard","Tempo di lettura stimato":"2 minuti"},"schema":{"@context":"https:\/\/schema.org","@graph":[{"@type":"Article","@id":"https:\/\/institutsaintdominique.fr\/it\/2023\/01\/23\/winter-camp-2023\/#article","isPartOf":{"@id":"https:\/\/institutsaintdominique.fr\/it\/2023\/01\/23\/winter-camp-2023\/"},"author":{"name":"Elodie Richard","@id":"https:\/\/institutsaintdominique.fr\/it\/#\/schema\/person\/c38ab8b85d6614d491ed118187ad1cd2"},"headline":"Winter camp 2023","datePublished":"2023-01-23T11:25:05+00:00","dateModified":"2023-01-24T13:44:30+00:00","mainEntityOfPage":{"@id":"https:\/\/institutsaintdominique.fr\/it\/2023\/01\/23\/winter-camp-2023\/"},"wordCount":223,"image":{"@id":"https:\/\/institutsaintdominique.fr\/it\/2023\/01\/23\/winter-camp-2023\/#primaryimage"},"thumbnailUrl":"https:\/\/institutsaintdominique.fr\/wp-content\/uploads\/2023\/01\/Winter-camp-270x310.png","articleSection":["Attualit\u00e0"],"inLanguage":"it-IT"},{"@type":"WebPage","@id":"https:\/\/institutsaintdominique.fr\/it\/2023\/01\/23\/winter-camp-2023\/","url":"https:\/\/institutsaintdominique.fr\/it\/2023\/01\/23\/winter-camp-2023\/","name":"Winter camp 2023 - ISD Rome","isPartOf":{"@id":"https:\/\/institutsaintdominique.fr\/it\/#website"},"primaryImageOfPage":{"@id":"https:\/\/institutsaintdominique.fr\/it\/2023\/01\/23\/winter-camp-2023\/#primaryimage"},"image":{"@id":"https:\/\/institutsaintdominique.fr\/it\/2023\/01\/23\/winter-camp-2023\/#primaryimage"},"thumbnailUrl":"https:\/\/institutsaintdominique.fr\/wp-content\/uploads\/2023\/01\/Winter-camp-270x310.png","datePublished":"2023-01-23T11:25:05+00:00","dateModified":"2023-01-24T13:44:30+00:00","author":{"@id":"https:\/\/institutsaintdominique.fr\/it\/#\/schema\/person\/c38ab8b85d6614d491ed118187ad1cd2"},"description":"L'Istituto Internazionale Saint-Dominique \u00e8 lieto di presentarvi le attivit\u00e0 del suo \u00abWinter camp\u00bb dal 20 febbraio al 3 marzo 2023.","breadcrumb":{"@id":"https:\/\/institutsaintdominique.fr\/it\/2023\/01\/23\/winter-camp-2023\/#breadcrumb"},"inLanguage":"it-IT","potentialAction":[{"@type":"ReadAction","target":["https:\/\/institutsaintdominique.fr\/it\/2023\/01\/23\/winter-camp-2023\/"]}]},{"@type":"ImageObject","inLanguage":"it-IT","@id":"https:\/\/institutsaintdominique.fr\/it\/2023\/01\/23\/winter-camp-2023\/#primaryimage","url":"https:\/\/institutsaintdominique.fr\/wp-content\/uploads\/2023\/01\/Winter-camp-270x310.png","contentUrl":"https:\/\/institutsaintdominique.fr\/wp-content\/uploads\/2023\/01\/Winter-camp-270x310.png"},{"@type":"BreadcrumbList","@id":"https:\/\/institutsaintdominique.fr\/it\/2023\/01\/23\/winter-camp-2023\/#breadcrumb","itemListElement":[{"@type":"ListItem","position":1,"name":"Accueil","item":"https:\/\/institutsaintdominique.fr\/it\/"},{"@type":"ListItem","position":2,"name":"Winter camp 2023"}]},{"@type":"WebSite","@id":"https:\/\/institutsaintdominique.fr\/it\/#website","url":"https:\/\/institutsaintdominique.fr\/it\/","name":"ISD Rome","description":"ISD Rome","potentialAction":[{"@type":"SearchAction","target":{"@type":"EntryPoint","urlTemplate":"https:\/\/institutsaintdominique.fr\/it\/?s={search_term_string}"},"query-input":{"@type":"PropertyValueSpecification","valueRequired":true,"valueName":"search_term_string"}}],"inLanguage":"it-IT"},{"@type":"Person","@id":"https:\/\/institutsaintdominique.fr\/it\/#\/schema\/person\/c38ab8b85d6614d491ed118187ad1cd2","name":"Elodie Richard","image":{"@type":"ImageObject","inLanguage":"it-IT","@id":"https:\/\/institutsaintdominique.fr\/it\/#\/schema\/person\/image\/","url":"https:\/\/secure.gravatar.com\/avatar\/7e74bde88794f1cb953cdf7c8af9be1618ae4213b53398697172c86043894eeb?s=96&d=mm&r=g","contentUrl":"https:\/\/secure.gravatar.com\/avatar\/7e74bde88794f1cb953cdf7c8af9be1618ae4213b53398697172c86043894eeb?s=96&d=mm&r=g","caption":"Elodie Richard"},"url":"https:\/\/institutsaintdominique.fr\/it\/author\/elodie-richard\/"}]}},"lang":"it","_links":{"self":[{"href":"https:\/\/institutsaintdominique.fr\/it\/wp-json\/wp\/v2\/posts\/15819","targetHints":{"allow":["GET"]}}],"collection":[{"href":"https:\/\/institutsaintdominique.fr\/it\/wp-json\/wp\/v2\/posts"}],"about":[{"href":"https:\/\/institutsaintdominique.fr\/it\/wp-json\/wp\/v2\/types\/post"}],"author":[{"embeddable":true,"href":"https:\/\/institutsaintdominique.fr\/it\/wp-json\/wp\/v2\/users\/6"}],"replies":[{"embeddable":true,"href":"https:\/\/institutsaintdominique.fr\/it\/wp-json\/wp\/v2\/comments?post=15819"}],"version-history":[{"count":8,"href":"https:\/\/institutsaintdominique.fr\/it\/wp-json\/wp\/v2\/posts\/15819\/revisions"}],"predecessor-version":[{"id":15859,"href":"https:\/\/institutsaintdominique.fr\/it\/wp-json\/wp\/v2\/posts\/15819\/revisions\/15859"}],"wp:attachment":[{"href":"https:\/\/institutsaintdominique.fr\/it\/wp-json\/wp\/v2\/media?parent=15819"}],"wp:term":[{"taxonomy":"category","embeddable":true,"href":"https:\/\/institutsaintdominique.fr\/it\/wp-json\/wp\/v2\/categories?post=15819"},{"taxonomy":"post_tag","embeddable":true,"href":"https:\/\/institutsaintdominique.fr\/it\/wp-json\/wp\/v2\/tags?post=15819"}],"curies":[{"name":"wp","href":"https:\/\/api.w.org\/{rel}","templated":true}]}}