{"id":17319,"date":"2023-04-06T12:25:39","date_gmt":"2023-04-06T10:25:39","guid":{"rendered":"https:\/\/institutsaintdominique.fr\/?p=17319"},"modified":"2023-05-25T09:45:31","modified_gmt":"2023-05-25T07:45:31","slug":"incontro-con-marie-astrid-roy-al-cdi","status":"publish","type":"post","link":"https:\/\/institutsaintdominique.fr\/it\/2023\/04\/06\/incontro-con-marie-astrid-roy-al-cdi\/","title":{"rendered":"Incontro con MAR del Petit Journal"},"content":{"rendered":"<div id=\"bloc_big_header_6\" class=\"bigheader\" >\n<div class=\"container\">\n<div class=\"text d-flex flex-column justify-content-between align-items-start\">\n<h1><span>Marie-Astrid Roy<\/span><\/h1>\n<\/p><\/div>\n<\/p><\/div>\n<div id=\"slider-bloc_big_header_6\" class=\"flexslider flexslider--bigheader loading\">\n<ul class=\"slides list-unstyled\">\n<li class=\"slider-li slider-li-bloc_big_header_6-0 \">\n<style type=\"text\/css\">\n\t\t\t\t\t\t\t\t.slider-li-bloc_big_header_6-0 div {background-image: url(https:\/\/institutsaintdominique.fr\/wp-content\/uploads\/2023\/04\/Progetto-senza-titolo-420x420.jpg);}\n\t\t\t\t\t\t\t\t@media (min-width: 480px) {\t.slider-li-bloc_big_header_6-0 div {background-image: url(https:\/\/institutsaintdominique.fr\/wp-content\/uploads\/2023\/04\/Progetto-senza-titolo-420x420.jpg);}}\n\t\t\t\t\t\t\t\t@media (min-width: 768px) {\t.slider-li-bloc_big_header_6-0 div {background-image: url(https:\/\/institutsaintdominique.fr\/wp-content\/uploads\/2023\/04\/Progetto-senza-titolo-1024x577.jpg);}}\n\t\t\t\t\t\t\t\t@media (min-width: 992px) { .slider-li-bloc_big_header_6-0 div {background-image: url(https:\/\/institutsaintdominique.fr\/wp-content\/uploads\/2023\/04\/Progetto-senza-titolo-1024x577.jpg);}}\n\t\t\t\t\t\t\t\t@media (min-width: 1200px) { .slider-li-bloc_big_header_6-0 div {background-image: url(https:\/\/institutsaintdominique.fr\/wp-content\/uploads\/2023\/04\/Progetto-senza-titolo-1536x865.jpg);}}\n\t\t\t\t\t\t\t<\/style>\n<div><\/div>\n<\/li>\n<\/ul><\/div>\n<\/div>\n<div class=\"bloctext bloctext--nocolor bloctext--haspattern\" id=\"bloc_6_7\">\n<div class=\"container\">\n<div class=\"row\">\n<div class=\"col-12 col-lg-4 col-xl-3 mb-1\">\n<h2><span><\/span><\/h2>\n<\/p><\/div>\n<div class=\"col-12 col-lg-8 col-xl-9\">\n<div class=\"text pl-lg-4\">\n<p>Lepetitjournal.com Milano e Roma sono due edizioni locali dirette da Marie-Astrid ROY, facenti parte di una rete presente in tutto il mondo con oltre 72 edizioni nei cinque continenti, dedicate ai francesi e francofoni all&rsquo;estero.<\/p>\n<\/p><\/div>\n<\/p><\/div>\n<\/p><\/div>\n<\/p><\/div>\n<\/div>\n<div class=\"bloctext bloctext--nocolor bloctext--haspattern\" id=\"bloc_6_8\">\n<div class=\"container\">\n<div class=\"row\">\n<div class=\"col-12 col-lg-4 col-xl-3 mb-1\">\n<h2><span>Intervista a Marie-Astrid Roy<\/span><\/h2>\n<\/p><\/div>\n<div class=\"col-12 col-lg-8 col-xl-9\">\n<div class=\"text pl-lg-4\">\n<p>Intervista con Marie-Astrid Roy, direttrice della pubblicazione Lepetitjournal.com in Italia (edizioni di Milano e Roma), di Joseph A. N., studente di terza media, in occasione della sua visita di marted\u00ec 07 marzo all&rsquo;ISD per workshop di educazione ai media in quinta e quarta al CDI.<\/p>\n<p>&nbsp;<\/p>\n<p><strong>1. Pensa di poter vivere del suo lavoro di giornalista a lungo termine?<\/strong><\/p>\n<p>Lavoro come giornalista da pi\u00f9 di 15 anni e spero ancora per molti anni! \u00c8 una professione che si pu\u00f2 essere portati ad esercitare come dipendenti o in modo freelance, come liberi professionisti o corrispondenti all&rsquo;estero per esempio, il che non \u00e8 certo sempre facile in quest&rsquo;ultimo caso, ma non del tutto impossibile. Per quanto riguarda Lepetitjournal.com, che dirigo in Italia, si tratta di un quotidiano gratuito, che vive della pubblicit\u00e0 (partnership, inserzionisti&#8230;). E funziona bene grazie a un buon pubblico che continua a crescere ogni anno.<\/p>\n<p>&nbsp;<\/p>\n<p><strong>2. Che cosa avete pensato dell&rsquo;ISD dopo l&rsquo;intervista che avete realizzato, meno di un anno fa, del direttore Bernard Lociciro?<\/strong><\/p>\n<p>\u00c8 stata una scoperta di una realt\u00e0 romana e internazionale a Roma, con un bellissimo progetto di insediamento. Ogni intervista porta ad una scoperta, questo \u00e8 uno degli aspetti emozionanti di questo mestiere.<\/p>\n<p>&nbsp;<\/p>\n<p><strong>3. Avendo vissuto in Francia e in Italia, sei pi\u00f9 focaccia o baguette?<\/strong><\/p>\n<p>Scegliere tra i due non \u00e8 facile&#8230; ! Mi \u00e8 difficile fare a meno di entrambi, ma diciamo che dopo 15 anni in Italia, la baguette croccante rimane per me insostituibile, e forse anche pi\u00f9 leggera, soprattutto per un consumo quasi quotidiano.<\/p>\n<\/p><\/div>\n<\/p><\/div>\n<\/p><\/div>\n<\/p><\/div>\n<\/div>\n<div class=\"bigmedia bigmedia--nocolor\" id=\"bloc_13_9\">\n<div class=\"container\">\n<h2><span><\/span><\/h2>\n<\/p>\n<div class=\"row justify-content-center\">\n<div class=\"col-lg-10\">\n<div class=\"slider\">\n<div id=\"slider-bloc_13_9\" class=\"flexslider flexslider--bigmedia loading\">\n<ul class=\"slides list-unstyled\">\n<li class=\"slider-li\">\n\t\t\t\t\t\t\t\t\t\t     \t<a data-fancybox=\"rel-slider-bloc_13_9\" data-caption=\"\" href=\"https:\/\/institutsaintdominique.fr\/wp-content\/uploads\/2023\/04\/1680769648052-1080x604.jpg\"><br \/>\n\t\t\t\t\t\t\t\t\t\t\t\t\t<img decoding=\"async\" class=\"img-fluid\" src=\"https:\/\/institutsaintdominique.fr\/wp-content\/uploads\/2023\/04\/1680769648052-1080x604.jpg\" width=\"\" height=\"\" alt=\"\"><br \/>\n\t\t\t\t\t\t\t\t\t\t\t\t<\/a>\n\t\t\t\t\t\t\t\t\t\t     <\/li>\n<\/ul><\/div>\n<\/p><\/div>\n<\/p><\/div>\n<\/p><\/div>\n<\/p><\/div>\n<\/div>\n<div class=\"blocmedia blocmedia--textleft blocmedia--nocolor\" id=\"bloc_2_10\">\n<div class=\"container\">\n<div class=\"row\">\n<div class=\"col-12 col-md-6\">\n<div class=\"slider\">\n<div id=\"slider-bloc_2_10\" class=\"flexslider flexslider--blocmedia loading\">\n<ul class=\"slides list-unstyled\">\n<li class=\"slider-li\">\n\t\t\t\t\t\t\t\t\t\t     \t<a data-fancybox=\"rel-slider-bloc_2_10\" data-caption=\"\" href=\"https:\/\/institutsaintdominique.fr\/wp-content\/uploads\/2023\/03\/ISD-CAMPUS-722x564.png\"><br \/>\n\t\t\t\t\t\t\t\t\t\t\t\t\t<img decoding=\"async\" class=\"img-fluid\" src=\"https:\/\/institutsaintdominique.fr\/wp-content\/uploads\/2023\/03\/ISD-CAMPUS-722x564.png\" width=\"\" height=\"\" alt=\"\"><br \/>\n\t\t\t\t\t\t\t\t\t\t\t\t<\/a>\n\t\t\t\t\t\t\t\t\t\t     <\/li>\n<\/ul><\/div>\n<\/p><\/div>\n<\/p><\/div>\n<div class=\"col-12 col-md-5 d-flex flex-column justify-content-center align-items-start mb-2 mb-md-0\">\n<div class=\"text\">\n<h2><span>Marie-Astrid Roy parla di noi&#8230;<\/span><\/h2>\n<p>&#8220;Incontro con Bernard Lociciro, nuovo preside dell&#8217;Istituto Internazionale Saint-Dominique di Roma (ISD). Con un patrimonio derivante da 61 anni di storia, si apre una nuova pagina per l&#8217;ISD.&#8221; [&#8230;]<\/p>\n<p>\t\t\t\t\t\t<!-- Changer la classe de couleur du bouton en fonction de la couleur g\u00e9n\u00e9rale du bloc --><\/p>\n<div class=\"bloc_cta\" >\n<p><a class=\"btn btn--nocolor\" href=\"https:\/\/lepetitjournal.com\/rome\/communaute\/institut-saint-dominique-rome-nouveau-projet-etablissement-quatre-piliers-349912\" target=\"_blank\" rel=\"noopener\">Leggere l&#8217;articolo<\/a>\t\t\t\t\t<\/div>\n<\/p><\/div>\n<\/p><\/div>\n<\/p><\/div>\n<\/p><\/div>\n<\/div>\n","protected":false},"excerpt":{"rendered":"<p>Marie-Astrid Roy Lepetitjournal.com Milano e Roma sono due edizioni locali dirette da Marie-Astrid ROY, facenti parte di una rete presente [&hellip;]<\/p>\n","protected":false},"author":15,"featured_media":0,"comment_status":"closed","ping_status":"open","sticky":false,"template":"","format":"standard","meta":{"_acf_changed":false,"kdcopypost-origin-url":"","kdcopypost-origin-id":"","footnotes":""},"categories":[64],"tags":[],"class_list":["post-17319","post","type-post","status-publish","format-standard","hentry","category-attualita"],"acf":{"sous_titre":"","photo":16451},"yoast_head":"<!-- This site is optimized with the Yoast SEO plugin v27.0 - https:\/\/yoast.com\/product\/yoast-seo-wordpress\/ -->\n<title>Incontro con MAR del Petit Journal - ISD Rome<\/title>\n<meta name=\"description\" content=\"Intervista con Marie-Astrid Roy, (Lepetitjournal.com edizioni di Milano e Roma), da un alunno di 3\u00e8me durante la sua visita all&#039;ISD\" \/>\n<meta name=\"robots\" content=\"index, follow, max-snippet:-1, max-image-preview:large, max-video-preview:-1\" \/>\n<link rel=\"canonical\" href=\"https:\/\/institutsaintdominique.fr\/it\/2023\/04\/06\/incontro-con-marie-astrid-roy-al-cdi\/\" \/>\n<meta property=\"og:locale\" content=\"it_IT\" \/>\n<meta property=\"og:type\" content=\"article\" \/>\n<meta property=\"og:title\" content=\"Incontro con MAR del Petit Journal - ISD Rome\" \/>\n<meta property=\"og:description\" content=\"Intervista con Marie-Astrid Roy, (Lepetitjournal.com edizioni di Milano e Roma), da un alunno di 3\u00e8me durante la sua visita all&#039;ISD\" \/>\n<meta property=\"og:url\" content=\"https:\/\/institutsaintdominique.fr\/it\/2023\/04\/06\/incontro-con-marie-astrid-roy-al-cdi\/\" \/>\n<meta property=\"og:site_name\" content=\"ISD Rome\" \/>\n<meta property=\"article:published_time\" content=\"2023-04-06T10:25:39+00:00\" \/>\n<meta property=\"article:modified_time\" content=\"2023-05-25T07:45:31+00:00\" \/>\n<meta property=\"og:image\" content=\"https:\/\/institutsaintdominique.fr\/wp-content\/uploads\/2023\/04\/1680769648052-1080x604.jpg\" \/>\n<meta name=\"author\" content=\"Francesca Grillo\" \/>\n<meta name=\"twitter:card\" content=\"summary_large_image\" \/>\n<meta name=\"twitter:label1\" content=\"Scritto da\" \/>\n\t<meta name=\"twitter:data1\" content=\"Francesca Grillo\" \/>\n\t<meta name=\"twitter:label2\" content=\"Tempo di lettura stimato\" \/>\n\t<meta name=\"twitter:data2\" content=\"3 minuti\" \/>\n<script type=\"application\/ld+json\" class=\"yoast-schema-graph\">{\"@context\":\"https:\/\/schema.org\",\"@graph\":[{\"@type\":\"Article\",\"@id\":\"https:\/\/institutsaintdominique.fr\/it\/2023\/04\/06\/incontro-con-marie-astrid-roy-al-cdi\/#article\",\"isPartOf\":{\"@id\":\"https:\/\/institutsaintdominique.fr\/it\/2023\/04\/06\/incontro-con-marie-astrid-roy-al-cdi\/\"},\"author\":{\"name\":\"Francesca Grillo\",\"@id\":\"https:\/\/institutsaintdominique.fr\/it\/#\/schema\/person\/dc7a9a68339c11fa2dc8b97db2a281f5\"},\"headline\":\"Incontro con MAR del Petit Journal\",\"datePublished\":\"2023-04-06T10:25:39+00:00\",\"dateModified\":\"2023-05-25T07:45:31+00:00\",\"mainEntityOfPage\":{\"@id\":\"https:\/\/institutsaintdominique.fr\/it\/2023\/04\/06\/incontro-con-marie-astrid-roy-al-cdi\/\"},\"wordCount\":341,\"image\":{\"@id\":\"https:\/\/institutsaintdominique.fr\/it\/2023\/04\/06\/incontro-con-marie-astrid-roy-al-cdi\/#primaryimage\"},\"thumbnailUrl\":\"https:\/\/institutsaintdominique.fr\/wp-content\/uploads\/2023\/04\/1680769648052-1080x604.jpg\",\"articleSection\":[\"Attualit\u00e0\"],\"inLanguage\":\"it-IT\"},{\"@type\":\"WebPage\",\"@id\":\"https:\/\/institutsaintdominique.fr\/it\/2023\/04\/06\/incontro-con-marie-astrid-roy-al-cdi\/\",\"url\":\"https:\/\/institutsaintdominique.fr\/it\/2023\/04\/06\/incontro-con-marie-astrid-roy-al-cdi\/\",\"name\":\"Incontro con MAR del Petit Journal - ISD Rome\",\"isPartOf\":{\"@id\":\"https:\/\/institutsaintdominique.fr\/it\/#website\"},\"primaryImageOfPage\":{\"@id\":\"https:\/\/institutsaintdominique.fr\/it\/2023\/04\/06\/incontro-con-marie-astrid-roy-al-cdi\/#primaryimage\"},\"image\":{\"@id\":\"https:\/\/institutsaintdominique.fr\/it\/2023\/04\/06\/incontro-con-marie-astrid-roy-al-cdi\/#primaryimage\"},\"thumbnailUrl\":\"https:\/\/institutsaintdominique.fr\/wp-content\/uploads\/2023\/04\/1680769648052-1080x604.jpg\",\"datePublished\":\"2023-04-06T10:25:39+00:00\",\"dateModified\":\"2023-05-25T07:45:31+00:00\",\"author\":{\"@id\":\"https:\/\/institutsaintdominique.fr\/it\/#\/schema\/person\/dc7a9a68339c11fa2dc8b97db2a281f5\"},\"description\":\"Intervista con Marie-Astrid Roy, (Lepetitjournal.com edizioni di Milano e Roma), da un alunno di 3\u00e8me durante la sua visita all'ISD\",\"breadcrumb\":{\"@id\":\"https:\/\/institutsaintdominique.fr\/it\/2023\/04\/06\/incontro-con-marie-astrid-roy-al-cdi\/#breadcrumb\"},\"inLanguage\":\"it-IT\",\"potentialAction\":[{\"@type\":\"ReadAction\",\"target\":[\"https:\/\/institutsaintdominique.fr\/it\/2023\/04\/06\/incontro-con-marie-astrid-roy-al-cdi\/\"]}]},{\"@type\":\"ImageObject\",\"inLanguage\":\"it-IT\",\"@id\":\"https:\/\/institutsaintdominique.fr\/it\/2023\/04\/06\/incontro-con-marie-astrid-roy-al-cdi\/#primaryimage\",\"url\":\"https:\/\/institutsaintdominique.fr\/wp-content\/uploads\/2023\/04\/1680769648052-1080x604.jpg\",\"contentUrl\":\"https:\/\/institutsaintdominique.fr\/wp-content\/uploads\/2023\/04\/1680769648052-1080x604.jpg\"},{\"@type\":\"BreadcrumbList\",\"@id\":\"https:\/\/institutsaintdominique.fr\/it\/2023\/04\/06\/incontro-con-marie-astrid-roy-al-cdi\/#breadcrumb\",\"itemListElement\":[{\"@type\":\"ListItem\",\"position\":1,\"name\":\"Accueil\",\"item\":\"https:\/\/institutsaintdominique.fr\/it\/\"},{\"@type\":\"ListItem\",\"position\":2,\"name\":\"Incontro con MAR del Petit Journal\"}]},{\"@type\":\"WebSite\",\"@id\":\"https:\/\/institutsaintdominique.fr\/it\/#website\",\"url\":\"https:\/\/institutsaintdominique.fr\/it\/\",\"name\":\"ISD Rome\",\"description\":\"ISD Rome\",\"potentialAction\":[{\"@type\":\"SearchAction\",\"target\":{\"@type\":\"EntryPoint\",\"urlTemplate\":\"https:\/\/institutsaintdominique.fr\/it\/?s={search_term_string}\"},\"query-input\":{\"@type\":\"PropertyValueSpecification\",\"valueRequired\":true,\"valueName\":\"search_term_string\"}}],\"inLanguage\":\"it-IT\"},{\"@type\":\"Person\",\"@id\":\"https:\/\/institutsaintdominique.fr\/it\/#\/schema\/person\/dc7a9a68339c11fa2dc8b97db2a281f5\",\"name\":\"Francesca Grillo\",\"image\":{\"@type\":\"ImageObject\",\"inLanguage\":\"it-IT\",\"@id\":\"https:\/\/institutsaintdominique.fr\/it\/#\/schema\/person\/image\/\",\"url\":\"https:\/\/secure.gravatar.com\/avatar\/a0b6407c63324d8cdcdfbbf527debca7c73cc8182a896b731d7abdbacea37807?s=96&d=mm&r=g\",\"contentUrl\":\"https:\/\/secure.gravatar.com\/avatar\/a0b6407c63324d8cdcdfbbf527debca7c73cc8182a896b731d7abdbacea37807?s=96&d=mm&r=g\",\"caption\":\"Francesca Grillo\"},\"url\":\"https:\/\/institutsaintdominique.fr\/it\/author\/francescagrilloinstitutsaintdominique-it\/\"}]}<\/script>\n<!-- \/ Yoast SEO plugin. -->","yoast_head_json":{"title":"Incontro con MAR del Petit Journal - ISD Rome","description":"Intervista con Marie-Astrid Roy, (Lepetitjournal.com edizioni di Milano e Roma), da un alunno di 3\u00e8me durante la sua visita all'ISD","robots":{"index":"index","follow":"follow","max-snippet":"max-snippet:-1","max-image-preview":"max-image-preview:large","max-video-preview":"max-video-preview:-1"},"canonical":"https:\/\/institutsaintdominique.fr\/it\/2023\/04\/06\/incontro-con-marie-astrid-roy-al-cdi\/","og_locale":"it_IT","og_type":"article","og_title":"Incontro con MAR del Petit Journal - ISD Rome","og_description":"Intervista con Marie-Astrid Roy, (Lepetitjournal.com edizioni di Milano e Roma), da un alunno di 3\u00e8me durante la sua visita all'ISD","og_url":"https:\/\/institutsaintdominique.fr\/it\/2023\/04\/06\/incontro-con-marie-astrid-roy-al-cdi\/","og_site_name":"ISD Rome","article_published_time":"2023-04-06T10:25:39+00:00","article_modified_time":"2023-05-25T07:45:31+00:00","og_image":[{"url":"https:\/\/institutsaintdominique.fr\/wp-content\/uploads\/2023\/04\/1680769648052-1080x604.jpg","type":"","width":"","height":""}],"author":"Francesca Grillo","twitter_card":"summary_large_image","twitter_misc":{"Scritto da":"Francesca Grillo","Tempo di lettura stimato":"3 minuti"},"schema":{"@context":"https:\/\/schema.org","@graph":[{"@type":"Article","@id":"https:\/\/institutsaintdominique.fr\/it\/2023\/04\/06\/incontro-con-marie-astrid-roy-al-cdi\/#article","isPartOf":{"@id":"https:\/\/institutsaintdominique.fr\/it\/2023\/04\/06\/incontro-con-marie-astrid-roy-al-cdi\/"},"author":{"name":"Francesca Grillo","@id":"https:\/\/institutsaintdominique.fr\/it\/#\/schema\/person\/dc7a9a68339c11fa2dc8b97db2a281f5"},"headline":"Incontro con MAR del Petit Journal","datePublished":"2023-04-06T10:25:39+00:00","dateModified":"2023-05-25T07:45:31+00:00","mainEntityOfPage":{"@id":"https:\/\/institutsaintdominique.fr\/it\/2023\/04\/06\/incontro-con-marie-astrid-roy-al-cdi\/"},"wordCount":341,"image":{"@id":"https:\/\/institutsaintdominique.fr\/it\/2023\/04\/06\/incontro-con-marie-astrid-roy-al-cdi\/#primaryimage"},"thumbnailUrl":"https:\/\/institutsaintdominique.fr\/wp-content\/uploads\/2023\/04\/1680769648052-1080x604.jpg","articleSection":["Attualit\u00e0"],"inLanguage":"it-IT"},{"@type":"WebPage","@id":"https:\/\/institutsaintdominique.fr\/it\/2023\/04\/06\/incontro-con-marie-astrid-roy-al-cdi\/","url":"https:\/\/institutsaintdominique.fr\/it\/2023\/04\/06\/incontro-con-marie-astrid-roy-al-cdi\/","name":"Incontro con MAR del Petit Journal - ISD Rome","isPartOf":{"@id":"https:\/\/institutsaintdominique.fr\/it\/#website"},"primaryImageOfPage":{"@id":"https:\/\/institutsaintdominique.fr\/it\/2023\/04\/06\/incontro-con-marie-astrid-roy-al-cdi\/#primaryimage"},"image":{"@id":"https:\/\/institutsaintdominique.fr\/it\/2023\/04\/06\/incontro-con-marie-astrid-roy-al-cdi\/#primaryimage"},"thumbnailUrl":"https:\/\/institutsaintdominique.fr\/wp-content\/uploads\/2023\/04\/1680769648052-1080x604.jpg","datePublished":"2023-04-06T10:25:39+00:00","dateModified":"2023-05-25T07:45:31+00:00","author":{"@id":"https:\/\/institutsaintdominique.fr\/it\/#\/schema\/person\/dc7a9a68339c11fa2dc8b97db2a281f5"},"description":"Intervista con Marie-Astrid Roy, (Lepetitjournal.com edizioni di Milano e Roma), da un alunno di 3\u00e8me durante la sua visita all'ISD","breadcrumb":{"@id":"https:\/\/institutsaintdominique.fr\/it\/2023\/04\/06\/incontro-con-marie-astrid-roy-al-cdi\/#breadcrumb"},"inLanguage":"it-IT","potentialAction":[{"@type":"ReadAction","target":["https:\/\/institutsaintdominique.fr\/it\/2023\/04\/06\/incontro-con-marie-astrid-roy-al-cdi\/"]}]},{"@type":"ImageObject","inLanguage":"it-IT","@id":"https:\/\/institutsaintdominique.fr\/it\/2023\/04\/06\/incontro-con-marie-astrid-roy-al-cdi\/#primaryimage","url":"https:\/\/institutsaintdominique.fr\/wp-content\/uploads\/2023\/04\/1680769648052-1080x604.jpg","contentUrl":"https:\/\/institutsaintdominique.fr\/wp-content\/uploads\/2023\/04\/1680769648052-1080x604.jpg"},{"@type":"BreadcrumbList","@id":"https:\/\/institutsaintdominique.fr\/it\/2023\/04\/06\/incontro-con-marie-astrid-roy-al-cdi\/#breadcrumb","itemListElement":[{"@type":"ListItem","position":1,"name":"Accueil","item":"https:\/\/institutsaintdominique.fr\/it\/"},{"@type":"ListItem","position":2,"name":"Incontro con MAR del Petit Journal"}]},{"@type":"WebSite","@id":"https:\/\/institutsaintdominique.fr\/it\/#website","url":"https:\/\/institutsaintdominique.fr\/it\/","name":"ISD Rome","description":"ISD Rome","potentialAction":[{"@type":"SearchAction","target":{"@type":"EntryPoint","urlTemplate":"https:\/\/institutsaintdominique.fr\/it\/?s={search_term_string}"},"query-input":{"@type":"PropertyValueSpecification","valueRequired":true,"valueName":"search_term_string"}}],"inLanguage":"it-IT"},{"@type":"Person","@id":"https:\/\/institutsaintdominique.fr\/it\/#\/schema\/person\/dc7a9a68339c11fa2dc8b97db2a281f5","name":"Francesca Grillo","image":{"@type":"ImageObject","inLanguage":"it-IT","@id":"https:\/\/institutsaintdominique.fr\/it\/#\/schema\/person\/image\/","url":"https:\/\/secure.gravatar.com\/avatar\/a0b6407c63324d8cdcdfbbf527debca7c73cc8182a896b731d7abdbacea37807?s=96&d=mm&r=g","contentUrl":"https:\/\/secure.gravatar.com\/avatar\/a0b6407c63324d8cdcdfbbf527debca7c73cc8182a896b731d7abdbacea37807?s=96&d=mm&r=g","caption":"Francesca Grillo"},"url":"https:\/\/institutsaintdominique.fr\/it\/author\/francescagrilloinstitutsaintdominique-it\/"}]}},"lang":"it","_links":{"self":[{"href":"https:\/\/institutsaintdominique.fr\/it\/wp-json\/wp\/v2\/posts\/17319","targetHints":{"allow":["GET"]}}],"collection":[{"href":"https:\/\/institutsaintdominique.fr\/it\/wp-json\/wp\/v2\/posts"}],"about":[{"href":"https:\/\/institutsaintdominique.fr\/it\/wp-json\/wp\/v2\/types\/post"}],"author":[{"embeddable":true,"href":"https:\/\/institutsaintdominique.fr\/it\/wp-json\/wp\/v2\/users\/15"}],"replies":[{"embeddable":true,"href":"https:\/\/institutsaintdominique.fr\/it\/wp-json\/wp\/v2\/comments?post=17319"}],"version-history":[{"count":8,"href":"https:\/\/institutsaintdominique.fr\/it\/wp-json\/wp\/v2\/posts\/17319\/revisions"}],"predecessor-version":[{"id":17992,"href":"https:\/\/institutsaintdominique.fr\/it\/wp-json\/wp\/v2\/posts\/17319\/revisions\/17992"}],"wp:attachment":[{"href":"https:\/\/institutsaintdominique.fr\/it\/wp-json\/wp\/v2\/media?parent=17319"}],"wp:term":[{"taxonomy":"category","embeddable":true,"href":"https:\/\/institutsaintdominique.fr\/it\/wp-json\/wp\/v2\/categories?post=17319"},{"taxonomy":"post_tag","embeddable":true,"href":"https:\/\/institutsaintdominique.fr\/it\/wp-json\/wp\/v2\/tags?post=17319"}],"curies":[{"name":"wp","href":"https:\/\/api.w.org\/{rel}","templated":true}]}}